{"id":95627,"date":"2023-07-04T08:45:52","date_gmt":"2023-07-04T12:45:52","guid":{"rendered":"https:\/\/www2.westmount.org\/?p=95627"},"modified":"2023-06-29T15:33:56","modified_gmt":"2023-06-29T19:33:56","slug":"pride-season-embodying-inclusivity-at-the-library","status":"publish","type":"post","link":"https:\/\/www2.westmount.org\/en\/pride-season-embodying-inclusivity-at-the-library\/","title":{"rendered":"Pride Season: Embodying inclusivity at the Library"},"content":{"rendered":"<p>While Pride season is highlighted during the summer months, activities that foster inclusion and equality have their place at any time of the year. At our Public Library, one particular activity was hosted for the first time in Westmount this past March. Drag Storytime welcomed children and their families for an animated reading of stories from the Library\u2019s picture book collection, hosted by esteemed local celebrity and drag queen, Barbada De Barbades.<\/p>\n<p>Storytime has long been a staple activity on the Library\u2019s calendar of events and, likewise, Drag Storytime is nothing new. Taking off in the United States over a decade ago, this type of dressed up story hour has only grown in popularity. While the basics of storytime are maintained \u2014 an adult reads to children in an effort to promote literacy and a love of books \u2014 the main difference here is the choice of narrator. Wendy Wayling, Children\u2019s Librarian, explains, &#8220;What we love about Barbada is that she is the embodiment of kindness, openness and acceptance, and those are great themes for story hour.&#8221; Barbada De Barbades, when out of costume, is Sebastien Potvin, an elementary school music teacher with a degree from the Universit\u00e9 du Qu\u00e9bec \u00e0 Montr\u00e9al. This expertise, along with her flair for entertainment, make her a captivating ambassador who is appreciated by children and adults alike.<\/p>\n<blockquote><p>&#8220;People praised us before, during and after the event. Many asked when we were going to do it again. We definitely received more positive feedback than negative.&#8221;<br \/>\n&#8211; Daniel Miguez, Librarian<\/p><\/blockquote>\n<p>Wendy received a lot of feedback on this event and relates, &#8220;All the parents and children at our Drag Storytime had extremely positive reactions.&#8221; Colleague and Adult Programming Librarian Daniel Miguez continues, &#8220;People praised us before, during and after the event. Many asked when we were going to do it again. We definitely received more positive feedback than negative.&#8221; In fact, a handful of protesters as well as some negative emails were traced almost exclusively to outside the Westmount community. One Westmounter\u2019s message to the Library reflects the sentiment behind the majority of comments from residents. Jennifer wrote, &#8220;Thank you for hosting Drag Queen Story Hour! As the parent of three &#8216;rainbow&#8217; kids, I&#8217;m proud to live in a community that supports inclusivity and diversity. Keep up the good work!&#8221;<\/p>\n<p>Year round, the Westmount Public Library maintains a Pride reading list which is updated automatically as new titles are added to the Library\u2019s database. With books for all ages, the reading list is a great resource for anyone looking to learn more about the 2SLGBTQI+ community&#8230; or simply to enjoy a great read! &#8220;What I love to recommend to parents who don\u2019t understand what \u2018trans\u2019 is&#8221;, says Wendy, &#8220;is a chapter book for middle school kids that explains it in a very personal way.&#8221; The book is <em>Melissa<\/em> (previously published as <em>George<\/em>) by Alex Gino. Anyone can discover more about this and other titles on <a href=\"https:\/\/westlib.org\/iguana\/www.main.cls?surl=search&amp;v=c97386a2-914a-40c2-bd8d-df4c273175e6&amp;language=eng#app=Tree&amp;treeid=FIERTEPRIDE&amp;pageid=FiertePride\">the Library\u2019s website<\/a> or in person \u2013 just look for the Pride book display.<\/p>\n<p>&nbsp;<\/p>\n<p><a href=\"https:\/\/www2.westmount.org\/wp-content\/uploads\/2023\/06\/dsc05848-1.png\"><img loading=\"lazy\" decoding=\"async\" class=\"size-large wp-image-95620 aligncenter\" src=\"https:\/\/www2.westmount.org\/wp-content\/uploads\/2023\/06\/dsc05848-1-1024x569.png\" alt=\"Librarian Wendy Wayling with the Pride book display at Westmount Library\" width=\"800\" height=\"445\" srcset=\"https:\/\/www2.westmount.org\/wp-content\/uploads\/2023\/06\/dsc05848-1-1024x569.png 1024w, https:\/\/www2.westmount.org\/wp-content\/uploads\/2023\/06\/dsc05848-1-300x167.png 300w, https:\/\/www2.westmount.org\/wp-content\/uploads\/2023\/06\/dsc05848-1-768x427.png 768w, https:\/\/www2.westmount.org\/wp-content\/uploads\/2023\/06\/dsc05848-1-800x445.png 800w, https:\/\/www2.westmount.org\/wp-content\/uploads\/2023\/06\/dsc05848-1.png 1140w\" sizes=\"(max-width: 800px) 100vw, 800px\" \/><\/a><\/p>\n<p>&nbsp;<\/p>\n<p>A public library is a gathering place, a service centre and an activity hub in a city, and this is particularly true of the Westmount Public Library. One can get a good sense of the local community when they come here. Daniel, who is openly gay, shares, &#8220;In 10 years here I have never experienced homophobia in my workplace or in interacting with the public. There are situations like Drag Storytime that have the positive effect of opening discussions with staff and the community, and generally, I find this is a very open-minded and accepting community.&#8221; More important than discussions are actions, and Wendy adds, &#8220;<strong>We work diligently to make sure everyone who steps into the Library feels welcome and can find themselves in a story here.<\/strong>&#8221;<\/p>\n<p>&nbsp;<\/p>\n<p>Photo 1: Members of the Library team with Barbara De Barbades during Drag Storytime on March 25, 2023. From left to right, Dawna Hobbs, Wendy Wayling, Barbara De Barbades, Daniel Miguez and Faith Holness.<br \/>\nPhoto 2: Wendy Wayling and the Pride book display in the children&#8217;s section of the Westmount Public Library.<\/p>\n","protected":false},"excerpt":{"rendered":"<p>While Pride season is highlighted during the summer months, activities that foster inclusion and equality have their place at any<\/p>\n","protected":false},"author":97,"featured_media":95617,"comment_status":"closed","ping_status":"closed","sticky":false,"template":"","format":"standard","meta":{"footnotes":""},"categories":[6600,6299],"tags":[],"acf":[],"yoast_head":"<!-- This site is optimized with the Yoast SEO plugin v21.1 - https:\/\/yoast.com\/wordpress\/plugins\/seo\/ -->\n<title>Pride Season: Embodying inclusivity at the Library - City of Westmount<\/title>\n<meta name=\"description\" content=\"The Westmount Public Library organizes events in the spirit of Pride all year long. Everyone can find themselves in a story here.\" \/>\n<meta name=\"robots\" content=\"noindex, follow, max-snippet:-1, max-image-preview:large, max-video-preview:-1\" \/>\n<meta property=\"og:locale\" content=\"en_US\" \/>\n<meta property=\"og:type\" content=\"article\" \/>\n<meta property=\"og:title\" content=\"Pride Season: Embodying inclusivity at the Library - City of Westmount\" \/>\n<meta property=\"og:description\" content=\"The Westmount Public Library organizes events in the spirit of Pride all year long. Everyone can find themselves in a story here.\" \/>\n<meta property=\"og:url\" content=\"https:\/\/www2.westmount.org\/saison-de-la-fierte-incarner-linclusivite-a-la-bibliotheque\/\" \/>\n<meta property=\"og:site_name\" content=\"City of Westmount\" \/>\n<meta property=\"article:publisher\" content=\"https:\/\/www.facebook.com\/villedewestmount\" \/>\n<meta property=\"article:published_time\" content=\"2023-07-04T12:45:52+00:00\" \/>\n<meta property=\"article:modified_time\" content=\"2023-06-29T19:33:56+00:00\" \/>\n<meta property=\"og:image\" content=\"https:\/\/www2.westmount.org\/wp-content\/uploads\/2023\/06\/dsc03515.png\" \/>\n\t<meta property=\"og:image:width\" content=\"1140\" \/>\n\t<meta property=\"og:image:height\" content=\"634\" \/>\n\t<meta property=\"og:image:type\" content=\"image\/png\" \/>\n<meta name=\"author\" content=\"Pia Savoie\" \/>\n<meta name=\"twitter:card\" content=\"summary_large_image\" \/>\n<meta name=\"twitter:creator\" content=\"@VilleWestmount\" \/>\n<meta name=\"twitter:site\" content=\"@VilleWestmount\" \/>\n<meta name=\"twitter:label1\" content=\"Written by\" \/>\n\t<meta name=\"twitter:data1\" content=\"Pia Savoie\" \/>\n\t<meta name=\"twitter:label2\" content=\"Est. reading time\" \/>\n\t<meta name=\"twitter:data2\" content=\"4 minutes\" \/>\n<script type=\"application\/ld+json\" class=\"yoast-schema-graph\">{\"@context\":\"https:\/\/schema.org\",\"@graph\":[{\"@type\":\"Article\",\"@id\":\"https:\/\/www2.westmount.org\/saison-de-la-fierte-incarner-linclusivite-a-la-bibliotheque\/#article\",\"isPartOf\":{\"@id\":\"https:\/\/www2.westmount.org\/saison-de-la-fierte-incarner-linclusivite-a-la-bibliotheque\/\"},\"author\":{\"name\":\"Pia Savoie\",\"@id\":\"https:\/\/www2.westmount.org\/#\/schema\/person\/a1f7bacebec3400fcc5a1845c3ccbb11\"},\"headline\":\"Pride Season: Embodying inclusivity at the Library\",\"datePublished\":\"2023-07-04T12:45:52+00:00\",\"dateModified\":\"2023-06-29T19:33:56+00:00\",\"mainEntityOfPage\":{\"@id\":\"https:\/\/www2.westmount.org\/saison-de-la-fierte-incarner-linclusivite-a-la-bibliotheque\/\"},\"wordCount\":692,\"publisher\":{\"@id\":\"https:\/\/www2.westmount.org\/#organization\"},\"articleSection\":[\"Local Stories\",\"News\"],\"inLanguage\":\"en-US\"},{\"@type\":\"WebPage\",\"@id\":\"https:\/\/www2.westmount.org\/saison-de-la-fierte-incarner-linclusivite-a-la-bibliotheque\/\",\"url\":\"https:\/\/www2.westmount.org\/saison-de-la-fierte-incarner-linclusivite-a-la-bibliotheque\/\",\"name\":\"Pride Season: Embodying inclusivity at the Library - City of Westmount\",\"isPartOf\":{\"@id\":\"https:\/\/www2.westmount.org\/#website\"},\"datePublished\":\"2023-07-04T12:45:52+00:00\",\"dateModified\":\"2023-06-29T19:33:56+00:00\",\"description\":\"The Westmount Public Library organizes events in the spirit of Pride all year long. Everyone can find themselves in a story here.\",\"breadcrumb\":{\"@id\":\"https:\/\/www2.westmount.org\/saison-de-la-fierte-incarner-linclusivite-a-la-bibliotheque\/#breadcrumb\"},\"inLanguage\":\"en-US\",\"potentialAction\":[{\"@type\":\"ReadAction\",\"target\":[\"https:\/\/www2.westmount.org\/saison-de-la-fierte-incarner-linclusivite-a-la-bibliotheque\/\"]}]},{\"@type\":\"BreadcrumbList\",\"@id\":\"https:\/\/www2.westmount.org\/saison-de-la-fierte-incarner-linclusivite-a-la-bibliotheque\/#breadcrumb\",\"itemListElement\":[{\"@type\":\"ListItem\",\"position\":1,\"name\":\"Ville de Westmount\",\"item\":\"https:\/\/www2.westmount.org\/en\/?page_id=5346\"},{\"@type\":\"ListItem\",\"position\":2,\"name\":\"Pride Season: Embodying inclusivity at the Library\"}]},{\"@type\":\"WebSite\",\"@id\":\"https:\/\/www2.westmount.org\/#website\",\"url\":\"https:\/\/www2.westmount.org\/\",\"name\":\"City of Westmount\",\"description\":\"\",\"publisher\":{\"@id\":\"https:\/\/www2.westmount.org\/#organization\"},\"potentialAction\":[{\"@type\":\"SearchAction\",\"target\":{\"@type\":\"EntryPoint\",\"urlTemplate\":\"https:\/\/www2.westmount.org\/?s={search_term_string}\"},\"query-input\":\"required name=search_term_string\"}],\"inLanguage\":\"en-US\"},{\"@type\":\"Organization\",\"@id\":\"https:\/\/www2.westmount.org\/#organization\",\"name\":\"Ville de Westmount\",\"url\":\"https:\/\/www2.westmount.org\/\",\"logo\":{\"@type\":\"ImageObject\",\"inLanguage\":\"en-US\",\"@id\":\"https:\/\/www2.westmount.org\/#\/schema\/logo\/image\/\",\"url\":\"https:\/\/www2.westmount.org\/wp-content\/uploads\/2014\/12\/Westmount_logo.jpg\",\"contentUrl\":\"https:\/\/www2.westmount.org\/wp-content\/uploads\/2014\/12\/Westmount_logo.jpg\",\"width\":468,\"height\":606,\"caption\":\"Ville de Westmount\"},\"image\":{\"@id\":\"https:\/\/www2.westmount.org\/#\/schema\/logo\/image\/\"},\"sameAs\":[\"https:\/\/www.facebook.com\/villedewestmount\",\"https:\/\/twitter.com\/VilleWestmount\",\"https:\/\/instagram.com\/villewestmountcity\/\",\"https:\/\/www.youtube.com\/user\/WestmountTV\"]},{\"@type\":\"Person\",\"@id\":\"https:\/\/www2.westmount.org\/#\/schema\/person\/a1f7bacebec3400fcc5a1845c3ccbb11\",\"name\":\"Pia Savoie\",\"url\":\"https:\/\/www2.westmount.org\/en\/author\/psavoie\/\"}]}<\/script>\n<!-- \/ Yoast SEO plugin. -->","yoast_head_json":{"title":"Pride Season: Embodying inclusivity at the Library - City of Westmount","description":"The Westmount Public Library organizes events in the spirit of Pride all year long. Everyone can find themselves in a story here.","robots":{"index":"noindex","follow":"follow","max-snippet":"max-snippet:-1","max-image-preview":"max-image-preview:large","max-video-preview":"max-video-preview:-1"},"og_locale":"en_US","og_type":"article","og_title":"Pride Season: Embodying inclusivity at the Library - City of Westmount","og_description":"The Westmount Public Library organizes events in the spirit of Pride all year long. Everyone can find themselves in a story here.","og_url":"https:\/\/www2.westmount.org\/saison-de-la-fierte-incarner-linclusivite-a-la-bibliotheque\/","og_site_name":"City of Westmount","article_publisher":"https:\/\/www.facebook.com\/villedewestmount","article_published_time":"2023-07-04T12:45:52+00:00","article_modified_time":"2023-06-29T19:33:56+00:00","og_image":[{"width":1140,"height":634,"url":"https:\/\/www2.westmount.org\/wp-content\/uploads\/2023\/06\/dsc03515.png","type":"image\/png"}],"author":"Pia Savoie","twitter_card":"summary_large_image","twitter_creator":"@VilleWestmount","twitter_site":"@VilleWestmount","twitter_misc":{"Written by":"Pia Savoie","Est. reading time":"4 minutes"},"schema":{"@context":"https:\/\/schema.org","@graph":[{"@type":"Article","@id":"https:\/\/www2.westmount.org\/saison-de-la-fierte-incarner-linclusivite-a-la-bibliotheque\/#article","isPartOf":{"@id":"https:\/\/www2.westmount.org\/saison-de-la-fierte-incarner-linclusivite-a-la-bibliotheque\/"},"author":{"name":"Pia Savoie","@id":"https:\/\/www2.westmount.org\/#\/schema\/person\/a1f7bacebec3400fcc5a1845c3ccbb11"},"headline":"Pride Season: Embodying inclusivity at the Library","datePublished":"2023-07-04T12:45:52+00:00","dateModified":"2023-06-29T19:33:56+00:00","mainEntityOfPage":{"@id":"https:\/\/www2.westmount.org\/saison-de-la-fierte-incarner-linclusivite-a-la-bibliotheque\/"},"wordCount":692,"publisher":{"@id":"https:\/\/www2.westmount.org\/#organization"},"articleSection":["Local Stories","News"],"inLanguage":"en-US"},{"@type":"WebPage","@id":"https:\/\/www2.westmount.org\/saison-de-la-fierte-incarner-linclusivite-a-la-bibliotheque\/","url":"https:\/\/www2.westmount.org\/saison-de-la-fierte-incarner-linclusivite-a-la-bibliotheque\/","name":"Pride Season: Embodying inclusivity at the Library - City of Westmount","isPartOf":{"@id":"https:\/\/www2.westmount.org\/#website"},"datePublished":"2023-07-04T12:45:52+00:00","dateModified":"2023-06-29T19:33:56+00:00","description":"The Westmount Public Library organizes events in the spirit of Pride all year long. Everyone can find themselves in a story here.","breadcrumb":{"@id":"https:\/\/www2.westmount.org\/saison-de-la-fierte-incarner-linclusivite-a-la-bibliotheque\/#breadcrumb"},"inLanguage":"en-US","potentialAction":[{"@type":"ReadAction","target":["https:\/\/www2.westmount.org\/saison-de-la-fierte-incarner-linclusivite-a-la-bibliotheque\/"]}]},{"@type":"BreadcrumbList","@id":"https:\/\/www2.westmount.org\/saison-de-la-fierte-incarner-linclusivite-a-la-bibliotheque\/#breadcrumb","itemListElement":[{"@type":"ListItem","position":1,"name":"Ville de Westmount","item":"https:\/\/www2.westmount.org\/en\/?page_id=5346"},{"@type":"ListItem","position":2,"name":"Pride Season: Embodying inclusivity at the Library"}]},{"@type":"WebSite","@id":"https:\/\/www2.westmount.org\/#website","url":"https:\/\/www2.westmount.org\/","name":"City of Westmount","description":"","publisher":{"@id":"https:\/\/www2.westmount.org\/#organization"},"potentialAction":[{"@type":"SearchAction","target":{"@type":"EntryPoint","urlTemplate":"https:\/\/www2.westmount.org\/?s={search_term_string}"},"query-input":"required name=search_term_string"}],"inLanguage":"en-US"},{"@type":"Organization","@id":"https:\/\/www2.westmount.org\/#organization","name":"Ville de Westmount","url":"https:\/\/www2.westmount.org\/","logo":{"@type":"ImageObject","inLanguage":"en-US","@id":"https:\/\/www2.westmount.org\/#\/schema\/logo\/image\/","url":"https:\/\/www2.westmount.org\/wp-content\/uploads\/2014\/12\/Westmount_logo.jpg","contentUrl":"https:\/\/www2.westmount.org\/wp-content\/uploads\/2014\/12\/Westmount_logo.jpg","width":468,"height":606,"caption":"Ville de Westmount"},"image":{"@id":"https:\/\/www2.westmount.org\/#\/schema\/logo\/image\/"},"sameAs":["https:\/\/www.facebook.com\/villedewestmount","https:\/\/twitter.com\/VilleWestmount","https:\/\/instagram.com\/villewestmountcity\/","https:\/\/www.youtube.com\/user\/WestmountTV"]},{"@type":"Person","@id":"https:\/\/www2.westmount.org\/#\/schema\/person\/a1f7bacebec3400fcc5a1845c3ccbb11","name":"Pia Savoie","url":"https:\/\/www2.westmount.org\/en\/author\/psavoie\/"}]}},"jetpack_featured_media_url":"https:\/\/www2.westmount.org\/wp-content\/uploads\/2023\/06\/dsc03515.png","jetpack_sharing_enabled":true,"_links":{"self":[{"href":"https:\/\/www2.westmount.org\/en\/wp-json\/wp\/v2\/posts\/95627"}],"collection":[{"href":"https:\/\/www2.westmount.org\/en\/wp-json\/wp\/v2\/posts"}],"about":[{"href":"https:\/\/www2.westmount.org\/en\/wp-json\/wp\/v2\/types\/post"}],"author":[{"embeddable":true,"href":"https:\/\/www2.westmount.org\/en\/wp-json\/wp\/v2\/users\/97"}],"replies":[{"embeddable":true,"href":"https:\/\/www2.westmount.org\/en\/wp-json\/wp\/v2\/comments?post=95627"}],"version-history":[{"count":1,"href":"https:\/\/www2.westmount.org\/en\/wp-json\/wp\/v2\/posts\/95627\/revisions"}],"predecessor-version":[{"id":95628,"href":"https:\/\/www2.westmount.org\/en\/wp-json\/wp\/v2\/posts\/95627\/revisions\/95628"}],"wp:featuredmedia":[{"embeddable":true,"href":"https:\/\/www2.westmount.org\/en\/wp-json\/wp\/v2\/media\/95617"}],"wp:attachment":[{"href":"https:\/\/www2.westmount.org\/en\/wp-json\/wp\/v2\/media?parent=95627"}],"wp:term":[{"taxonomy":"category","embeddable":true,"href":"https:\/\/www2.westmount.org\/en\/wp-json\/wp\/v2\/categories?post=95627"},{"taxonomy":"post_tag","embeddable":true,"href":"https:\/\/www2.westmount.org\/en\/wp-json\/wp\/v2\/tags?post=95627"}],"curies":[{"name":"wp","href":"https:\/\/api.w.org\/{rel}","templated":true}]}}