{"id":86161,"date":"2022-03-14T16:41:26","date_gmt":"2022-03-14T20:41:26","guid":{"rendered":"https:\/\/www2.westmount.org\/?p=86161"},"modified":"2022-03-17T11:39:26","modified_gmt":"2022-03-17T15:39:26","slug":"racism-and-systemic-discrimination-public-meeting-organized-by-ville-de-montreal","status":"publish","type":"post","link":"https:\/\/www2.westmount.org\/en\/racism-and-systemic-discrimination-public-meeting-organized-by-ville-de-montreal\/","title":{"rendered":"Racism and systemic discrimination: public meeting organized by Ville de Montreal"},"content":{"rendered":"<p>The <em>Commission sur le d\u00e9veloppement social et la diversit\u00e9 montr\u00e9alaise<\/em> and the <em>Commission de la s\u00e9curit\u00e9 publique<\/em> invite you to attend a virtual public meeting during which the Ville de Montr\u00e9al will present a progress report on its work to fight systemic racism and systemic discrimination. The virtual public meeting will be held on Tuesday, March 29th 2022 at 9:30 a.m., livestreamed and accessible on <a href=\"http:\/\/ville.montreal.qc.ca\/racismesystemiquereddition\" target=\"_blank\" rel=\"noopener\">ville.montreal.qc.ca\/racismesystemiquereddition<\/a><\/p>\n<p><a href=\"https:\/\/www2.westmount.org\/wp-content\/uploads\/2022\/03\/Avis-public-Racisme-et-discriminations-systemiques-_-Reddition-de-comptes-ENG.pdf\" target=\"_blank\" rel=\"noopener\">Click here for more information<\/a><\/p>\n<p>&nbsp;<\/p>\n","protected":false},"excerpt":{"rendered":"<p>The Commission sur le d\u00e9veloppement social et la diversit\u00e9 montr\u00e9alaise and the Commission de la s\u00e9curit\u00e9 publique invite you to<\/p>\n","protected":false},"author":64,"featured_media":86162,"comment_status":"closed","ping_status":"closed","sticky":false,"template":"","format":"standard","meta":{"footnotes":""},"categories":[6299],"tags":[],"acf":[],"yoast_head":"<!-- This site is optimized with the Yoast SEO plugin v21.1 - https:\/\/yoast.com\/wordpress\/plugins\/seo\/ -->\n<title>Racism and systemic discrimination: public meeting organized by Ville de Montreal - City of Westmount<\/title>\n<meta name=\"robots\" content=\"noindex, follow, max-snippet:-1, max-image-preview:large, max-video-preview:-1\" \/>\n<meta property=\"og:locale\" content=\"en_US\" \/>\n<meta property=\"og:type\" content=\"article\" \/>\n<meta property=\"og:title\" content=\"Racism and systemic discrimination: public meeting organized by Ville de Montreal - City of Westmount\" \/>\n<meta property=\"og:description\" content=\"The Commission sur le d\u00e9veloppement social et la diversit\u00e9 montr\u00e9alaise and the Commission de la s\u00e9curit\u00e9 publique invite you to\" \/>\n<meta property=\"og:url\" content=\"https:\/\/www2.westmount.org\/en\/racism-and-systemic-discrimination-public-meeting-organized-by-ville-de-montreal\/\" \/>\n<meta property=\"og:site_name\" content=\"City of Westmount\" \/>\n<meta property=\"article:publisher\" content=\"https:\/\/www.facebook.com\/villedewestmount\" \/>\n<meta property=\"article:published_time\" content=\"2022-03-14T20:41:26+00:00\" \/>\n<meta property=\"article:modified_time\" content=\"2022-03-17T15:39:26+00:00\" \/>\n<meta property=\"og:image\" content=\"https:\/\/www2.westmount.org\/wp-content\/uploads\/2022\/03\/montreal-gf585266b6-1920.jpg\" \/>\n\t<meta property=\"og:image:width\" content=\"1140\" \/>\n\t<meta property=\"og:image:height\" content=\"760\" \/>\n\t<meta property=\"og:image:type\" content=\"image\/jpeg\" \/>\n<meta name=\"author\" content=\"M R\" \/>\n<meta name=\"twitter:card\" content=\"summary_large_image\" \/>\n<meta name=\"twitter:creator\" content=\"@VilleWestmount\" \/>\n<meta name=\"twitter:site\" content=\"@VilleWestmount\" \/>\n<meta name=\"twitter:label1\" content=\"Written by\" \/>\n\t<meta name=\"twitter:data1\" content=\"M R\" \/>\n\t<meta name=\"twitter:label2\" content=\"Est. reading time\" \/>\n\t<meta name=\"twitter:data2\" content=\"1 minute\" \/>\n<script type=\"application\/ld+json\" class=\"yoast-schema-graph\">{\"@context\":\"https:\/\/schema.org\",\"@graph\":[{\"@type\":\"Article\",\"@id\":\"https:\/\/www2.westmount.org\/en\/racism-and-systemic-discrimination-public-meeting-organized-by-ville-de-montreal\/#article\",\"isPartOf\":{\"@id\":\"https:\/\/www2.westmount.org\/en\/racism-and-systemic-discrimination-public-meeting-organized-by-ville-de-montreal\/\"},\"author\":{\"name\":\"M R\",\"@id\":\"https:\/\/www2.westmount.org\/#\/schema\/person\/70e05049475dd2e62f66f0d3bf30401b\"},\"headline\":\"Racism and systemic discrimination: public meeting organized by Ville de Montreal\",\"datePublished\":\"2022-03-14T20:41:26+00:00\",\"dateModified\":\"2022-03-17T15:39:26+00:00\",\"mainEntityOfPage\":{\"@id\":\"https:\/\/www2.westmount.org\/en\/racism-and-systemic-discrimination-public-meeting-organized-by-ville-de-montreal\/\"},\"wordCount\":90,\"publisher\":{\"@id\":\"https:\/\/www2.westmount.org\/#organization\"},\"articleSection\":[\"News\"],\"inLanguage\":\"en-US\"},{\"@type\":\"WebPage\",\"@id\":\"https:\/\/www2.westmount.org\/en\/racism-and-systemic-discrimination-public-meeting-organized-by-ville-de-montreal\/\",\"url\":\"https:\/\/www2.westmount.org\/en\/racism-and-systemic-discrimination-public-meeting-organized-by-ville-de-montreal\/\",\"name\":\"Racism and systemic discrimination: public meeting organized by Ville de Montreal - City of Westmount\",\"isPartOf\":{\"@id\":\"https:\/\/www2.westmount.org\/#website\"},\"datePublished\":\"2022-03-14T20:41:26+00:00\",\"dateModified\":\"2022-03-17T15:39:26+00:00\",\"breadcrumb\":{\"@id\":\"https:\/\/www2.westmount.org\/en\/racism-and-systemic-discrimination-public-meeting-organized-by-ville-de-montreal\/#breadcrumb\"},\"inLanguage\":\"en-US\",\"potentialAction\":[{\"@type\":\"ReadAction\",\"target\":[\"https:\/\/www2.westmount.org\/en\/racism-and-systemic-discrimination-public-meeting-organized-by-ville-de-montreal\/\"]}]},{\"@type\":\"BreadcrumbList\",\"@id\":\"https:\/\/www2.westmount.org\/en\/racism-and-systemic-discrimination-public-meeting-organized-by-ville-de-montreal\/#breadcrumb\",\"itemListElement\":[{\"@type\":\"ListItem\",\"position\":1,\"name\":\"Ville de Westmount\",\"item\":\"https:\/\/www2.westmount.org\/en\/?page_id=5346\"},{\"@type\":\"ListItem\",\"position\":2,\"name\":\"Racism and systemic discrimination: public meeting organized by Ville de Montreal\"}]},{\"@type\":\"WebSite\",\"@id\":\"https:\/\/www2.westmount.org\/#website\",\"url\":\"https:\/\/www2.westmount.org\/\",\"name\":\"City of Westmount\",\"description\":\"\",\"publisher\":{\"@id\":\"https:\/\/www2.westmount.org\/#organization\"},\"potentialAction\":[{\"@type\":\"SearchAction\",\"target\":{\"@type\":\"EntryPoint\",\"urlTemplate\":\"https:\/\/www2.westmount.org\/?s={search_term_string}\"},\"query-input\":\"required name=search_term_string\"}],\"inLanguage\":\"en-US\"},{\"@type\":\"Organization\",\"@id\":\"https:\/\/www2.westmount.org\/#organization\",\"name\":\"Ville de Westmount\",\"url\":\"https:\/\/www2.westmount.org\/\",\"logo\":{\"@type\":\"ImageObject\",\"inLanguage\":\"en-US\",\"@id\":\"https:\/\/www2.westmount.org\/#\/schema\/logo\/image\/\",\"url\":\"https:\/\/www2.westmount.org\/wp-content\/uploads\/2014\/12\/Westmount_logo.jpg\",\"contentUrl\":\"https:\/\/www2.westmount.org\/wp-content\/uploads\/2014\/12\/Westmount_logo.jpg\",\"width\":468,\"height\":606,\"caption\":\"Ville de Westmount\"},\"image\":{\"@id\":\"https:\/\/www2.westmount.org\/#\/schema\/logo\/image\/\"},\"sameAs\":[\"https:\/\/www.facebook.com\/villedewestmount\",\"https:\/\/twitter.com\/VilleWestmount\",\"https:\/\/instagram.com\/villewestmountcity\/\",\"https:\/\/www.youtube.com\/user\/WestmountTV\"]},{\"@type\":\"Person\",\"@id\":\"https:\/\/www2.westmount.org\/#\/schema\/person\/70e05049475dd2e62f66f0d3bf30401b\",\"name\":\"M R\",\"url\":\"https:\/\/www2.westmount.org\/en\/author\/mrutishisha\/\"}]}<\/script>\n<!-- \/ Yoast SEO plugin. -->","yoast_head_json":{"title":"Racism and systemic discrimination: public meeting organized by Ville de Montreal - City of Westmount","robots":{"index":"noindex","follow":"follow","max-snippet":"max-snippet:-1","max-image-preview":"max-image-preview:large","max-video-preview":"max-video-preview:-1"},"og_locale":"en_US","og_type":"article","og_title":"Racism and systemic discrimination: public meeting organized by Ville de Montreal - City of Westmount","og_description":"The Commission sur le d\u00e9veloppement social et la diversit\u00e9 montr\u00e9alaise and the Commission de la s\u00e9curit\u00e9 publique invite you to","og_url":"https:\/\/www2.westmount.org\/en\/racism-and-systemic-discrimination-public-meeting-organized-by-ville-de-montreal\/","og_site_name":"City of Westmount","article_publisher":"https:\/\/www.facebook.com\/villedewestmount","article_published_time":"2022-03-14T20:41:26+00:00","article_modified_time":"2022-03-17T15:39:26+00:00","og_image":[{"width":1140,"height":760,"url":"https:\/\/www2.westmount.org\/wp-content\/uploads\/2022\/03\/montreal-gf585266b6-1920.jpg","type":"image\/jpeg"}],"author":"M R","twitter_card":"summary_large_image","twitter_creator":"@VilleWestmount","twitter_site":"@VilleWestmount","twitter_misc":{"Written by":"M R","Est. reading time":"1 minute"},"schema":{"@context":"https:\/\/schema.org","@graph":[{"@type":"Article","@id":"https:\/\/www2.westmount.org\/en\/racism-and-systemic-discrimination-public-meeting-organized-by-ville-de-montreal\/#article","isPartOf":{"@id":"https:\/\/www2.westmount.org\/en\/racism-and-systemic-discrimination-public-meeting-organized-by-ville-de-montreal\/"},"author":{"name":"M R","@id":"https:\/\/www2.westmount.org\/#\/schema\/person\/70e05049475dd2e62f66f0d3bf30401b"},"headline":"Racism and systemic discrimination: public meeting organized by Ville de Montreal","datePublished":"2022-03-14T20:41:26+00:00","dateModified":"2022-03-17T15:39:26+00:00","mainEntityOfPage":{"@id":"https:\/\/www2.westmount.org\/en\/racism-and-systemic-discrimination-public-meeting-organized-by-ville-de-montreal\/"},"wordCount":90,"publisher":{"@id":"https:\/\/www2.westmount.org\/#organization"},"articleSection":["News"],"inLanguage":"en-US"},{"@type":"WebPage","@id":"https:\/\/www2.westmount.org\/en\/racism-and-systemic-discrimination-public-meeting-organized-by-ville-de-montreal\/","url":"https:\/\/www2.westmount.org\/en\/racism-and-systemic-discrimination-public-meeting-organized-by-ville-de-montreal\/","name":"Racism and systemic discrimination: public meeting organized by Ville de Montreal - City of Westmount","isPartOf":{"@id":"https:\/\/www2.westmount.org\/#website"},"datePublished":"2022-03-14T20:41:26+00:00","dateModified":"2022-03-17T15:39:26+00:00","breadcrumb":{"@id":"https:\/\/www2.westmount.org\/en\/racism-and-systemic-discrimination-public-meeting-organized-by-ville-de-montreal\/#breadcrumb"},"inLanguage":"en-US","potentialAction":[{"@type":"ReadAction","target":["https:\/\/www2.westmount.org\/en\/racism-and-systemic-discrimination-public-meeting-organized-by-ville-de-montreal\/"]}]},{"@type":"BreadcrumbList","@id":"https:\/\/www2.westmount.org\/en\/racism-and-systemic-discrimination-public-meeting-organized-by-ville-de-montreal\/#breadcrumb","itemListElement":[{"@type":"ListItem","position":1,"name":"Ville de Westmount","item":"https:\/\/www2.westmount.org\/en\/?page_id=5346"},{"@type":"ListItem","position":2,"name":"Racism and systemic discrimination: public meeting organized by Ville de Montreal"}]},{"@type":"WebSite","@id":"https:\/\/www2.westmount.org\/#website","url":"https:\/\/www2.westmount.org\/","name":"City of Westmount","description":"","publisher":{"@id":"https:\/\/www2.westmount.org\/#organization"},"potentialAction":[{"@type":"SearchAction","target":{"@type":"EntryPoint","urlTemplate":"https:\/\/www2.westmount.org\/?s={search_term_string}"},"query-input":"required name=search_term_string"}],"inLanguage":"en-US"},{"@type":"Organization","@id":"https:\/\/www2.westmount.org\/#organization","name":"Ville de Westmount","url":"https:\/\/www2.westmount.org\/","logo":{"@type":"ImageObject","inLanguage":"en-US","@id":"https:\/\/www2.westmount.org\/#\/schema\/logo\/image\/","url":"https:\/\/www2.westmount.org\/wp-content\/uploads\/2014\/12\/Westmount_logo.jpg","contentUrl":"https:\/\/www2.westmount.org\/wp-content\/uploads\/2014\/12\/Westmount_logo.jpg","width":468,"height":606,"caption":"Ville de Westmount"},"image":{"@id":"https:\/\/www2.westmount.org\/#\/schema\/logo\/image\/"},"sameAs":["https:\/\/www.facebook.com\/villedewestmount","https:\/\/twitter.com\/VilleWestmount","https:\/\/instagram.com\/villewestmountcity\/","https:\/\/www.youtube.com\/user\/WestmountTV"]},{"@type":"Person","@id":"https:\/\/www2.westmount.org\/#\/schema\/person\/70e05049475dd2e62f66f0d3bf30401b","name":"M R","url":"https:\/\/www2.westmount.org\/en\/author\/mrutishisha\/"}]}},"jetpack_featured_media_url":"https:\/\/www2.westmount.org\/wp-content\/uploads\/2022\/03\/montreal-gf585266b6-1920.jpg","jetpack_sharing_enabled":true,"_links":{"self":[{"href":"https:\/\/www2.westmount.org\/en\/wp-json\/wp\/v2\/posts\/86161"}],"collection":[{"href":"https:\/\/www2.westmount.org\/en\/wp-json\/wp\/v2\/posts"}],"about":[{"href":"https:\/\/www2.westmount.org\/en\/wp-json\/wp\/v2\/types\/post"}],"author":[{"embeddable":true,"href":"https:\/\/www2.westmount.org\/en\/wp-json\/wp\/v2\/users\/64"}],"replies":[{"embeddable":true,"href":"https:\/\/www2.westmount.org\/en\/wp-json\/wp\/v2\/comments?post=86161"}],"version-history":[{"count":3,"href":"https:\/\/www2.westmount.org\/en\/wp-json\/wp\/v2\/posts\/86161\/revisions"}],"predecessor-version":[{"id":86206,"href":"https:\/\/www2.westmount.org\/en\/wp-json\/wp\/v2\/posts\/86161\/revisions\/86206"}],"wp:featuredmedia":[{"embeddable":true,"href":"https:\/\/www2.westmount.org\/en\/wp-json\/wp\/v2\/media\/86162"}],"wp:attachment":[{"href":"https:\/\/www2.westmount.org\/en\/wp-json\/wp\/v2\/media?parent=86161"}],"wp:term":[{"taxonomy":"category","embeddable":true,"href":"https:\/\/www2.westmount.org\/en\/wp-json\/wp\/v2\/categories?post=86161"},{"taxonomy":"post_tag","embeddable":true,"href":"https:\/\/www2.westmount.org\/en\/wp-json\/wp\/v2\/tags?post=86161"}],"curies":[{"name":"wp","href":"https:\/\/api.w.org\/{rel}","templated":true}]}}